{"id":8388,"date":"2022-01-06T15:16:00","date_gmt":"2022-01-06T18:16:00","guid":{"rendered":"https:\/\/revistahubclub.com.br\/portal\/?p=8388"},"modified":"2025-01-03T15:16:35","modified_gmt":"2025-01-03T18:16:35","slug":"corrente-do-bem-zeiss-celebra-175-anos-com-campanha-para-doacao-de-exames-oftalmologicos-e-oculos","status":"publish","type":"post","link":"https:\/\/revistahubclub.com.br\/portal\/2022\/01\/06\/corrente-do-bem-zeiss-celebra-175-anos-com-campanha-para-doacao-de-exames-oftalmologicos-e-oculos\/","title":{"rendered":"CORRENTE DO BEM ZEISS celebra 175 anos com campanha para doa\u00e7\u00e3o de exames oftalmol\u00f3gicos e \u00f3culos"},"content":{"rendered":"\n<p id=\"viewer-foo\"><em>A\u00e7\u00e3o tem como prop\u00f3sito melhorar a qualidade de vida da popula\u00e7\u00e3o, com \u00eanfase em crian\u00e7as e adolescentes de 4 a 17 anos em situa\u00e7\u00e3o de vulnerabilidade social.<\/em><\/p>\n\n\n\n<p id=\"viewer-1a7kv\"><em>Publi Editorial<\/em><\/p>\n\n\n\n<p id=\"viewer-1s5h3\"><em>Foto Divulga\u00e7\u00e3o<\/em><\/p>\n\n\n\n<p id=\"viewer-71fgq\">Refer\u00eancia mundial em sa\u00fade ocular, a ZEISS, que completa 175 anos em 2021, celebra a data no Brasil lan\u00e7ando a campanha \u201cFoco na Inf\u00e2ncia ZEISS\u201d. Com o prop\u00f3sito de melhorar a sa\u00fade ocular e, consequentemente, a qualidade de vida da popula\u00e7\u00e3o, a campanha prev\u00ea a realiza\u00e7\u00e3o gratuita de exames oftalmol\u00f3gicos e doa\u00e7\u00e3o de \u00f3culos com lentes personalizadas para crian\u00e7as e adolescentes entre 4 e 17 anos, em situa\u00e7\u00e3o de vulnerabilidade social.<\/p>\n\n\n\n<p id=\"viewer-cr1vi\">\u201cAcreditamos que a melhor forma de celebrar os 175 anos da marca seja justamente dando nossa contribui\u00e7\u00e3o para a melhoria efetiva na qualidade de vida da popula\u00e7\u00e3o de forma geral, com foco na vis\u00e3o, sobretudo em um pa\u00eds onde um ter\u00e7o da popula\u00e7\u00e3o nunca foi ao oftalmologista. Assim, pretendemos prevenir e minimizar impactos na sa\u00fade ocular de crian\u00e7as e adolescentes sem acesso a diagn\u00f3sticos e tratamentos adequados. Essa car\u00eancia, muitas vezes, acaba fazendo com que problemas trat\u00e1veis sejam agravados de forma irrevers\u00edvel. Com a a\u00e7\u00e3o refor\u00e7amos ainda o prop\u00f3sito de transforma\u00e7\u00e3o que faz parte do DNA da ZEISS. Queremos ajudar essas crian\u00e7as a ter uma vis\u00e3o saud\u00e1vel e, para isso, convidamos nossos parceiros e consumidores a participar tamb\u00e9m\u201d, conta Marcelo Frias, Diretor de Marketing LATAM da ZEISS. Para fazer parte dessa corrente do bem, basta que os consumidores da marca registrem o c\u00f3digo do certificado de garantia de suas lentes ZEISS adquiridas entre 6 e 20 de dezembro de 2021 no site www.zeissnainfancia.com.br. O cadastro do c\u00f3digo pode ser realizado at\u00e9 15 de janeiro de 2022 e cada registro beneficia uma crian\u00e7a, que passar\u00e1 por exames oftalmol\u00f3gicos e ganhar\u00e1 \u00f3culos com lentes ZEISS.<\/p>\n\n\n\n<p id=\"viewer-flbe6\">Ap\u00f3s a etapa de cadastro dos certificados, a ZEISS realizar\u00e1, em parceria com a Eyecare Health, a triagem por anamnese para a detec\u00e7\u00e3o de potenciais corre\u00e7\u00f5es e patologias, seguida por exame oftalmol\u00f3gico detalhado, com uso de tecnologia alem\u00e3, em jovens de diferentes comunidades do pa\u00eds atendidas pelo G10 Favelas. Ap\u00f3s os exames, todas as crian\u00e7as com indica\u00e7\u00e3o oftalmol\u00f3gica receber\u00e3o \u00f3culos com lentes ZEISS, que ser\u00e3o doados pela empresa e entregues com apoio da equipe do G10 Favelas diretamente nas comunidades.<\/p>\n\n\n\n<p id=\"viewer-d758f\">Segundo pesquisa de 2020 realizada pelo Ibope, 34% da popula\u00e7\u00e3o brasileira adulta nunca foi ao oftalmologista. Estudo publicado no JAMA Ophthalmology, divis\u00e3o do site de pesquisas cient\u00edficas JAMA Network, revela ainda que, de 2015 a 2020, o n\u00famero de casos de miopia entre crian\u00e7as com 7 anos de idade aumentou 200%. O \u00edndice \u00e9 ainda mais alarmante entre crian\u00e7as com 6 anos, idade em que o diagn\u00f3stico da doen\u00e7a cresceu 400% no mesmo per\u00edodo.<\/p>\n\n\n\n<p id=\"viewer-9gru0\">\u201cA precariedade da sa\u00fade ocular tem um impacto muito grande no desenvolvimento acad\u00eamico e social de um indiv\u00edduo, sobretudo na inf\u00e2ncia, quando conceitos e valores est\u00e3o sendo formados. Detectando poss\u00edveis desvios oculares e fornecendo \u00f3culos com lentes corretivas, garantimos uma vis\u00e3o perfeita a essas crian\u00e7as, beneficiando seu desempenho escolar, sua intera\u00e7\u00e3o com outras crian\u00e7as, com familiares e com a sociedade como um todo. Com essa campanha, queremos promover uma mudan\u00e7a na percep\u00e7\u00e3o de mundo dessas crian\u00e7as e em sua rela\u00e7\u00e3o com o seu entorno. Queremos ajud\u00e1-las a ver um futuro melhor\u201d, conclui Frias.<\/p>\n\n\n\n<figure class=\"wp-block-image\"><img loading=\"lazy\" decoding=\"async\" width=\"139\" height=\"139\" src=\"https:\/\/revistahubclub.com.br\/portal\/wp-content\/uploads\/2025\/01\/4ac39f_1bbc6c4c8cf647a3a44c23fbf57e2e23mv2.png\" alt=\"\" class=\"wp-image-8390\"\/><\/figure>\n\n\n\n<p id=\"viewer-4ncrv\"><strong>34 9.9814-0148<\/strong><\/p>\n\n\n\n<p id=\"viewer-b83sh\"><strong>Rua TIradentes, 148 Fundinho &#8211; Uberl\u00e2ndia<\/strong><\/p>\n\n\n\n<p id=\"viewer-a1d9k\"><strong>@zeissvisioncenter_uberlandia<\/strong><\/p>\n","protected":false},"excerpt":{"rendered":"<p>A\u00e7\u00e3o tem como prop\u00f3sito melhorar a qualidade de vida da popula\u00e7\u00e3o, com \u00eanfase em crian\u00e7as e adolescentes de 4 a 17 anos em situa\u00e7\u00e3o de vulnerabilidade social. Publi Editorial Foto<\/p>\n","protected":false},"author":1,"featured_media":8389,"comment_status":"open","ping_status":"open","sticky":false,"template":"","format":"standard","meta":{"footnotes":""},"categories":[1],"tags":[],"class_list":["post-8388","post","type-post","status-publish","format-standard","has-post-thumbnail","hentry","category-noticias"],"_links":{"self":[{"href":"https:\/\/revistahubclub.com.br\/portal\/wp-json\/wp\/v2\/posts\/8388","targetHints":{"allow":["GET"]}}],"collection":[{"href":"https:\/\/revistahubclub.com.br\/portal\/wp-json\/wp\/v2\/posts"}],"about":[{"href":"https:\/\/revistahubclub.com.br\/portal\/wp-json\/wp\/v2\/types\/post"}],"author":[{"embeddable":true,"href":"https:\/\/revistahubclub.com.br\/portal\/wp-json\/wp\/v2\/users\/1"}],"replies":[{"embeddable":true,"href":"https:\/\/revistahubclub.com.br\/portal\/wp-json\/wp\/v2\/comments?post=8388"}],"version-history":[{"count":1,"href":"https:\/\/revistahubclub.com.br\/portal\/wp-json\/wp\/v2\/posts\/8388\/revisions"}],"predecessor-version":[{"id":8391,"href":"https:\/\/revistahubclub.com.br\/portal\/wp-json\/wp\/v2\/posts\/8388\/revisions\/8391"}],"wp:featuredmedia":[{"embeddable":true,"href":"https:\/\/revistahubclub.com.br\/portal\/wp-json\/wp\/v2\/media\/8389"}],"wp:attachment":[{"href":"https:\/\/revistahubclub.com.br\/portal\/wp-json\/wp\/v2\/media?parent=8388"}],"wp:term":[{"taxonomy":"category","embeddable":true,"href":"https:\/\/revistahubclub.com.br\/portal\/wp-json\/wp\/v2\/categories?post=8388"},{"taxonomy":"post_tag","embeddable":true,"href":"https:\/\/revistahubclub.com.br\/portal\/wp-json\/wp\/v2\/tags?post=8388"}],"curies":[{"name":"wp","href":"https:\/\/api.w.org\/{rel}","templated":true}]}}