{"id":9303,"date":"2025-01-07T08:42:39","date_gmt":"2025-01-07T11:42:39","guid":{"rendered":"https:\/\/revistahubclub.com.br\/portal\/?p=9303"},"modified":"2025-01-07T08:42:39","modified_gmt":"2025-01-07T11:42:39","slug":"evora-urbanismo-monte-carmelo-ganha-seu-primeiro-bairro-planejado-sustentavel","status":"publish","type":"post","link":"https:\/\/revistahubclub.com.br\/portal\/2025\/01\/07\/evora-urbanismo-monte-carmelo-ganha-seu-primeiro-bairro-planejado-sustentavel\/","title":{"rendered":"\u00c9vora Urbanismo &#8211; Monte Carmelo ganha seu primeiro bairro planejado sustent\u00e1vel"},"content":{"rendered":"\n<p><strong><em>Publi Editorial \/ Foto: Divulga\u00e7\u00e3o<\/em><\/strong><br><\/p>\n\n\n\n<figure class=\"wp-block-image size-full\"><img loading=\"lazy\" decoding=\"async\" width=\"714\" height=\"528\" src=\"https:\/\/revistahubclub.com.br\/portal\/wp-content\/uploads\/2025\/01\/image-37.png\" alt=\"\" class=\"wp-image-9304\" srcset=\"https:\/\/revistahubclub.com.br\/portal\/wp-content\/uploads\/2025\/01\/image-37.png 714w, https:\/\/revistahubclub.com.br\/portal\/wp-content\/uploads\/2025\/01\/image-37-300x222.png 300w\" sizes=\"auto, (max-width: 714px) 100vw, 714px\" \/><\/figure>\n\n\n\n<p>No dia 24 de novembro aconteceu apresenta\u00e7\u00e3o da \u00c9vora Urbanismo em Monte Carmelo e tamb\u00e9m o Parque das \u00c1rvores, o primeiro bairro planejado da cidade.<\/p>\n\n\n\n<p>O que est\u00e1 nascendo em Monte Carmelo \u00e9 fruto de pesquisas desenvolvidas por uma equipe de engenheiros, arquitetos, especialistas em urbanismo e gest\u00e3o de projetos.<br>No decorrer das obras, ser\u00e1 poss\u00edvel notar o respeito completo e a parceria honesta com o meio ambiente carmelitano. \u201cNo item respeito ao meio ambiente, aqui florescer\u00e1 a maior \u00e1rea verde urbana cont\u00ednua com 200 mil metros quadrados\u201d, ressalta Franco Alves.<\/p>\n\n\n\n<p>\u201cN\u00e3o estamos focados somente em vender lotes, mas espa\u00e7os de vida, com quadras para educa\u00e7\u00e3o, sa\u00fade, campos de golfe, de t\u00eanis, parque aqu\u00e1tico e muito, muito mais, que nascer\u00e3o nessa enorme \u00e1rea.\u201d<\/p>\n\n\n\n<figure class=\"wp-block-image size-full\"><img loading=\"lazy\" decoding=\"async\" width=\"901\" height=\"510\" src=\"https:\/\/revistahubclub.com.br\/portal\/wp-content\/uploads\/2025\/01\/image-38.png\" alt=\"\" class=\"wp-image-9305\" srcset=\"https:\/\/revistahubclub.com.br\/portal\/wp-content\/uploads\/2025\/01\/image-38.png 901w, https:\/\/revistahubclub.com.br\/portal\/wp-content\/uploads\/2025\/01\/image-38-300x170.png 300w, https:\/\/revistahubclub.com.br\/portal\/wp-content\/uploads\/2025\/01\/image-38-768x435.png 768w\" sizes=\"auto, (max-width: 901px) 100vw, 901px\" \/><\/figure>\n\n\n\n<p>No contexto de desenvolvimento de Monte Carmelo, empreendimentos como este atestam a for\u00e7a da economia do munic\u00edpio e sua hegemonia como produtora de riquezas nesta regi\u00e3o do Cerrado Mineiro, onde florescem alguns dos mais premiados caf\u00e9s do Brasil.<\/p>\n\n\n\n<p>Um parque educacional e universit\u00e1rio de respeito onde convivem mais de 3 mil estudantes oriundos das mais diversas regi\u00f5es do pa\u00eds, lembrando que para esse contingente de jovens estar\u00e1 reservado um espa\u00e7o de conviv\u00eancia moradia.<\/p>\n\n\n\n<p>Enfim, \u00e9 um conceito especial de um novo urbanismo: bem estar &#8211; morar &#8211; caminhar &#8211; divertir &#8211; trabalhar.<\/p>\n\n\n\n<p>O evento recebeu mais de 300 convidados e autoridades no Vivendas do Bosque, e contou com apresenta\u00e7\u00e3o musical do cantor L\u00e9o Chaves, que \u00e9 o Embaixador da \u00c9vora Urbanismo.<br><br>@evoraurbanismo<\/p>\n","protected":false},"excerpt":{"rendered":"<p>Publi Editorial \/ Foto: Divulga\u00e7\u00e3o No dia 24 de novembro aconteceu apresenta\u00e7\u00e3o da \u00c9vora Urbanismo em Monte Carmelo e tamb\u00e9m o Parque das \u00c1rvores, o primeiro bairro planejado da cidade.<\/p>\n","protected":false},"author":2,"featured_media":0,"comment_status":"open","ping_status":"open","sticky":false,"template":"","format":"standard","meta":{"footnotes":""},"categories":[1],"tags":[20,24,22,23,21],"class_list":["post-9303","post","type-post","status-publish","format-standard","hentry","category-noticias","tag-evora","tag-monte-carmelo","tag-moradia","tag-parque-das-arvores","tag-urbanismo"],"_links":{"self":[{"href":"https:\/\/revistahubclub.com.br\/portal\/wp-json\/wp\/v2\/posts\/9303","targetHints":{"allow":["GET"]}}],"collection":[{"href":"https:\/\/revistahubclub.com.br\/portal\/wp-json\/wp\/v2\/posts"}],"about":[{"href":"https:\/\/revistahubclub.com.br\/portal\/wp-json\/wp\/v2\/types\/post"}],"author":[{"embeddable":true,"href":"https:\/\/revistahubclub.com.br\/portal\/wp-json\/wp\/v2\/users\/2"}],"replies":[{"embeddable":true,"href":"https:\/\/revistahubclub.com.br\/portal\/wp-json\/wp\/v2\/comments?post=9303"}],"version-history":[{"count":1,"href":"https:\/\/revistahubclub.com.br\/portal\/wp-json\/wp\/v2\/posts\/9303\/revisions"}],"predecessor-version":[{"id":9306,"href":"https:\/\/revistahubclub.com.br\/portal\/wp-json\/wp\/v2\/posts\/9303\/revisions\/9306"}],"wp:attachment":[{"href":"https:\/\/revistahubclub.com.br\/portal\/wp-json\/wp\/v2\/media?parent=9303"}],"wp:term":[{"taxonomy":"category","embeddable":true,"href":"https:\/\/revistahubclub.com.br\/portal\/wp-json\/wp\/v2\/categories?post=9303"},{"taxonomy":"post_tag","embeddable":true,"href":"https:\/\/revistahubclub.com.br\/portal\/wp-json\/wp\/v2\/tags?post=9303"}],"curies":[{"name":"wp","href":"https:\/\/api.w.org\/{rel}","templated":true}]}}