{"id":94,"date":"2024-11-14T11:56:10","date_gmt":"2024-11-14T14:56:10","guid":{"rendered":"https:\/\/revistahubclub.com.br\/portal\/?p=94"},"modified":"2024-12-11T11:56:57","modified_gmt":"2024-12-11T14:56:57","slug":"recorde-brasileiro-saca-de-cafe-do-cerrado-mineiro-e-vendida-por-r-115-mil","status":"publish","type":"post","link":"https:\/\/revistahubclub.com.br\/portal\/2024\/11\/14\/recorde-brasileiro-saca-de-cafe-do-cerrado-mineiro-e-vendida-por-r-115-mil\/","title":{"rendered":"Recorde brasileiro: saca de caf\u00e9 do Cerrado Mineiro \u00e9 vendida por R$ 115 mil"},"content":{"rendered":"\n<p id=\"viewer-gumvk50\"><em>Lote foi arrematado durante 12\u00ba Pr\u00eamio RCM, em Uberl\u00e2ndia, Minas Gerais<\/em><\/p>\n\n\n\n<p id=\"viewer-z90o652\">&nbsp;<\/p>\n\n\n\n<p id=\"viewer-86zqn54\">Na noite de 13 de novembro, o 12\u00ba Pr\u00eamio Regi\u00e3o do Cerrado Mineiro (RCM) se destacou por um leil\u00e3o hist\u00f3rico em Uberl\u00e2ndia. O evento de premia\u00e7\u00e3o dos melhores caf\u00e9s da safra, promovido pela Federa\u00e7\u00e3o dos Cafeicultores do Cerrado com apoio do Sebrae Minas, teve como ponto alto o Leil\u00e3o Caf\u00e9 Solid\u00e1rio, onde nove lotes das categorias vencedoras foram arrematados.<\/p>\n\n\n\n<p id=\"viewer-gjzk956\">&nbsp;<\/p>\n\n\n\n<p id=\"viewer-iuk1i58\">O recorde foi estabelecido por uma saca de caf\u00e9 do produtor Enivaldo Marinho Pereira, da Fazenda Cruzeiro\/Cachoeira, em Carmo do Parana\u00edba, vendida por R$ 115 mil e adquirida pelo cons\u00f3rcio formado pelo Sebrae, Carpec e Louis Dreyfus. O segundo maior lance foi para o caf\u00e9 campe\u00e3o da categoria Fermenta\u00e7\u00e3o Induzida, produzido na fazenda S\u00e3o Louren\u00e7o, em Patroc\u00ednio, do cafeicultor Haroldo Barcelos Veloso, adquirido por R$ 100 mil. O leil\u00e3o arrecadou um total de R$ 557 mil. Parte dos recursos ser\u00e1 destinada ao Hospital do Amor de Patroc\u00ednio, aos projetos vencedores do Trof\u00e9u Escola de Atitude e \u00e0 campanha Cura para Dudu, ajudando no tratamento de Eduardo, uma crian\u00e7a com a rara doen\u00e7a SPG50.<\/p>\n\n\n\n<p id=\"viewer-savco60\">&nbsp;<\/p>\n\n\n\n<p id=\"viewer-g0vyh62\">\u201cO resultado do leil\u00e3o do Pr\u00eamio Cerrado Mineiro \u00e9 fruto da solidariedade da nossa Regi\u00e3o e da compet\u00eancia dos cafeicultores que n\u00e3o medem esfor\u00e7os para elevar a qualidade. Estamos muito felizes pois 50% dos recursos arrecadados ir\u00e3o para projetos sociais em nossa regi\u00e3o\u201d, destaca Juliano Tarabal, diretor executivo da Federa\u00e7\u00e3o dos Cafeicultores do Cerrado.<\/p>\n\n\n\n<p id=\"viewer-h851964\">&nbsp;<\/p>\n\n\n\n<p id=\"viewer-sc76o66\">\u201cAgradecemos a oportunidade de fazer parte desse processo de intercoopera\u00e7\u00e3o e da forte uni\u00e3o que define o grupo da Regi\u00e3o do Cerrado Mineiro. Mais uma vez, nosso leil\u00e3o evidenciou o valor e a qualidade do caf\u00e9 da regi\u00e3o, mas, al\u00e9m disso, ficamos profundamente sensibilizados e felizes com a causa social em prol do pequeno Dudu. Esse evento mostrou a for\u00e7a da nossa uni\u00e3o, mobilizando e sensibilizando muitas pessoas para contribuir com esta importante causa. Diversos produtores decidiram destinar parte ou at\u00e9 mesmo o valor integral de suas vendas para ajudar. Esse gesto reafirma o esp\u00edrito de coletividade e a uni\u00e3o que caracterizam nosso grupo\u201d, afirma o presidente da Carpec, Tarc\u00edsio Daniel da Silva.<\/p>\n\n\n\n<p id=\"viewer-bggn568\">&nbsp;<\/p>\n\n\n\n<p id=\"viewer-l51k270\"><strong>Melhores caf\u00e9s safra 2024<\/strong><\/p>\n\n\n\n<p id=\"viewer-10u7k72\">Transmitida ao vivo, a premia\u00e7\u00e3o revelou os melhores caf\u00e9s da safra em uma disputa acirrada, com pontua\u00e7\u00f5es m\u00ednimas de 80 pontos para serem classificados como caf\u00e9s especiais. As amostras premiadas foram cuidadosamente batizadas pela barista Maryana Castro, valorizando ainda mais o prest\u00edgio dos gr\u00e3os do Cerrado Mineiro.<\/p>\n\n\n\n<p id=\"viewer-lrp2574\">Confira os vencedores:<\/p>\n\n\n\n<p id=\"viewer-pfk5f76\">&nbsp;<\/p>\n\n\n\n<p id=\"viewer-7ixeq78\">Categoria Cereja Descascado<\/p>\n\n\n\n<p id=\"viewer-lx6n080\">1\u00ba&nbsp;lugar: Fl\u00e1vio M\u00e1rcio Ferreira da Silva (Carpec) \u2013 90,13 pontos<\/p>\n\n\n\n<p id=\"viewer-5gb7f82\">2\u00ba lugar: Guimar\u00e3es Agropecu\u00e1ria (Expocacer) \u2013 89,35&nbsp;pontos<\/p>\n\n\n\n<p id=\"viewer-1k1bc84\">3\u00ba lugar: Eduardo Pinheiro Campos Filho (Expocacer) \u2013 88,48&nbsp;pontos<\/p>\n\n\n\n<p id=\"viewer-hyd1q86\">&nbsp;<\/p>\n\n\n\n<p id=\"viewer-fyb2t88\">Categoria Fermenta\u00e7\u00e3o Induzida<\/p>\n\n\n\n<p id=\"viewer-ocq2b90\">1\u00ba lugar: Haroldo Barcelos Veloso (Carmocer) \u2013 90,13&nbsp;pontos<\/p>\n\n\n\n<p id=\"viewer-mib1f92\">2\u00ba lugar: Beatriz Aparecida de Souza Guimar\u00e3es (Expocacer) \u2013 89,70&nbsp;pontos<\/p>\n\n\n\n<p id=\"viewer-thjgn94\">3\u00ba&nbsp;lugar: M&amp;F Coffee (Carmocer) \u2013 89,45 pontos<\/p>\n\n\n\n<p id=\"viewer-jly8m96\">&nbsp;<\/p>\n\n\n\n<p id=\"viewer-jqei9100\">Categoria Natural<\/p>\n\n\n\n<p id=\"viewer-8epzk102\">1\u00ba&nbsp;lugar: M&amp;F Coffee (Carmocer) \u2013 90,58&nbsp;pontos<\/p>\n\n\n\n<p id=\"viewer-8ye0u104\">2\u00ba&nbsp;lugar: Carla Poliana da Silva Oliveira (Carmocer) \u2013 90,15&nbsp;pontos<\/p>\n\n\n\n<p id=\"viewer-ird0s106\">3\u00ba&nbsp;lugar: Enivaldo Marinho Pereira (Carmocer) \u2013 88,16&nbsp;pontos<\/p>\n\n\n\n<p id=\"viewer-8b6qr108\">&nbsp;<\/p>\n\n\n\n<p id=\"viewer-b7ahb110\">O Pr\u00eamio RCM \u00e9 um reconhecimento aos produtores que se destacam pela alta qualidade, rastreabilidade e compromisso socioambiental na produ\u00e7\u00e3o de caf\u00e9, fortalecendo a marca da Regi\u00e3o do Cerrado Mineiro, que h\u00e1 mais de cinco d\u00e9cadas produz caf\u00e9s com qualidade reconhecida e \u00e9 a primeira Denomina\u00e7\u00e3o de Origem (DO) para caf\u00e9 no Brasil. Atualmente, 4.500 produtores da RCM ocupam 250 mil hectares em 55 munic\u00edpios de Minas Gerais, respons\u00e1veis por 25,4% da produ\u00e7\u00e3o do Estado e 12,7% da produ\u00e7\u00e3o nacional.<\/p>\n\n\n\n<p id=\"viewer-ldbo0112\">&nbsp;<\/p>\n\n\n\n<p id=\"viewer-ebzfj114\">A iniciativa conta com a realiza\u00e7\u00e3o das cooperativas Carmocer, Carpec, Coocacer Araguari, Coopadap, Expocacer e MonteCCer, al\u00e9m do apoio de sete associa\u00e7\u00f5es: ACA, Acarpa, Amoca, Appcer, Assocaf\u00e9, Assogotardo e GRE Caf\u00e9 \u2013 Regi\u00e3o de Arax\u00e1 como apoiadoras.<\/p>\n\n\n\n<p id=\"viewer-7z9s7116\">&nbsp;<\/p>\n\n\n\n<p id=\"viewer-45dhm118\">Este ano, o pr\u00eamio registrou recorde de amostras inscritas, totalizando 547, uma conquista que evidencia o crescente interesse dos cafeicultores pela excel\u00eancia. A sele\u00e7\u00e3o dos finalistas envolveu um painel internacional de ju\u00edzes que escolheram 60 amostras nas categorias Caf\u00e9 Natural, Cereja Descascado e Fermenta\u00e7\u00e3o Induzida.&nbsp;<\/p>\n\n\n\n<p id=\"viewer-45m81120\">&nbsp;<\/p>\n\n\n\n<p id=\"viewer-tu4tj122\">\u201cO Pr\u00eamio RCM \u00e9 uma celebra\u00e7\u00e3o do que temos de mais valioso na safra 2024, ressaltando o trabalho de produtores que colocam nossa regi\u00e3o como refer\u00eancia em qualidade e inova\u00e7\u00e3o. A Regi\u00e3o do Cerrado Mineiro \u00e9 hoje um verdadeiro hub de excel\u00eancia e sustentabilidade, sendo a \u00e1rea com maior certifica\u00e7\u00e3o em boas pr\u00e1ticas agr\u00edcolas no Brasil, al\u00e9m de abrigar a primeira fazenda certificada em agricultura regenerativa no mundo. O Pr\u00eamio n\u00e3o destaca apenas os melhores gr\u00e3os, mas tamb\u00e9m o compromisso constante dos produtores em fazer do Cerrado Mineiro uma refer\u00eancia mundial em caf\u00e9\u201d, afirma Gl\u00e1ucio de Castro, presidente da Federa\u00e7\u00e3o dos Cafeicultores do Cerrado.<\/p>\n\n\n\n<p id=\"viewer-csuld124\">&nbsp;<\/p>\n\n\n\n<p id=\"viewer-0gvrx126\">&#8220;A cada ano, ficamos encantados com a qualidade dos caf\u00e9s e, sobretudo, com a excel\u00eancia da governan\u00e7a e o diferencial que essa regi\u00e3o destaca em todo o Brasil. \u00c9 motivo de grande orgulho ser parceiro na realiza\u00e7\u00e3o dessa festa maravilhosa&#8221;, ressalta o diretor de opera\u00e7\u00f5es do Sebrae Minas, Marden M\u00e1rcio Magalh\u00e3es.<\/p>\n\n\n\n<p id=\"viewer-itfib128\">&nbsp;<\/p>\n\n\n\n<p id=\"viewer-3p903130\"><strong>Reconhecimento a atitudes sustent\u00e1veis e \u00e0 presen\u00e7a feminina<\/strong><\/p>\n\n\n\n<p id=\"viewer-8odah132\">Al\u00e9m da qualidade dos gr\u00e3os, o Pr\u00eamio RCM celebra o impacto social e ambiental das propriedades. O Trof\u00e9u Atitude Sustent\u00e1vel foi concedido \u00e0 fazenda Rio Brilhante da produtora \u00c9rika Marina Carvalho Urban, que se destacou pela pr\u00e1tica de agricultura sustent\u00e1vel.<\/p>\n\n\n\n<p id=\"viewer-uvmx0134\">&nbsp;<\/p>\n\n\n\n<p id=\"viewer-gs3pe136\">J\u00e1 o Trof\u00e9u Escola de Atitude reconheceu a Escola Estadual Sizenando Amaral de Educa\u00e7\u00e3o Especial, com o projeto \u201cSementes de Inclus\u00e3o: educa\u00e7\u00e3o especial e o mundo do caf\u00e9\u201d, inscrito pela cooperativa Carpec, cujo objetivo foi explorar as intera\u00e7\u00f5es entre a educa\u00e7\u00e3o especial e a cultura cafeeira, investigado como a colabora\u00e7\u00e3o entre a equipe pedag\u00f3gica e multiprofissional pode ser aprimorada para criar um ambiente educacional mais inclusivo e eficaz.<\/p>\n\n\n\n<p id=\"viewer-dic16138\">&nbsp;<\/p>\n\n\n\n<p id=\"viewer-godw2140\">O evento tamb\u00e9m premiou as mulheres que contribuem para a inova\u00e7\u00e3o e qualidade no setor cafeeiro com o Trof\u00e9u Mulher de Atitude. As tr\u00eas melhores produtoras de 2024 foram Carla Poliana da Silva Oliveira, destacando-se nas categorias Cereja Descascado e Caf\u00e9 Natural e Beatriz Aparecida de Souza Guimar\u00e3es, na categoria Fermenta\u00e7\u00e3o Induzida.<\/p>\n","protected":false},"excerpt":{"rendered":"<p>Lote foi arrematado durante 12\u00ba Pr\u00eamio RCM, em Uberl\u00e2ndia, Minas Gerais &nbsp; Na noite de 13 de novembro, o 12\u00ba Pr\u00eamio Regi\u00e3o do Cerrado Mineiro (RCM) se destacou por um<\/p>\n","protected":false},"author":1,"featured_media":95,"comment_status":"open","ping_status":"open","sticky":false,"template":"","format":"standard","meta":{"footnotes":""},"categories":[1],"tags":[],"class_list":["post-94","post","type-post","status-publish","format-standard","has-post-thumbnail","hentry","category-noticias"],"_links":{"self":[{"href":"https:\/\/revistahubclub.com.br\/portal\/wp-json\/wp\/v2\/posts\/94","targetHints":{"allow":["GET"]}}],"collection":[{"href":"https:\/\/revistahubclub.com.br\/portal\/wp-json\/wp\/v2\/posts"}],"about":[{"href":"https:\/\/revistahubclub.com.br\/portal\/wp-json\/wp\/v2\/types\/post"}],"author":[{"embeddable":true,"href":"https:\/\/revistahubclub.com.br\/portal\/wp-json\/wp\/v2\/users\/1"}],"replies":[{"embeddable":true,"href":"https:\/\/revistahubclub.com.br\/portal\/wp-json\/wp\/v2\/comments?post=94"}],"version-history":[{"count":1,"href":"https:\/\/revistahubclub.com.br\/portal\/wp-json\/wp\/v2\/posts\/94\/revisions"}],"predecessor-version":[{"id":96,"href":"https:\/\/revistahubclub.com.br\/portal\/wp-json\/wp\/v2\/posts\/94\/revisions\/96"}],"wp:featuredmedia":[{"embeddable":true,"href":"https:\/\/revistahubclub.com.br\/portal\/wp-json\/wp\/v2\/media\/95"}],"wp:attachment":[{"href":"https:\/\/revistahubclub.com.br\/portal\/wp-json\/wp\/v2\/media?parent=94"}],"wp:term":[{"taxonomy":"category","embeddable":true,"href":"https:\/\/revistahubclub.com.br\/portal\/wp-json\/wp\/v2\/categories?post=94"},{"taxonomy":"post_tag","embeddable":true,"href":"https:\/\/revistahubclub.com.br\/portal\/wp-json\/wp\/v2\/tags?post=94"}],"curies":[{"name":"wp","href":"https:\/\/api.w.org\/{rel}","templated":true}]}}